{"id":2228,"date":"2024-08-26T12:47:32","date_gmt":"2024-08-26T12:47:32","guid":{"rendered":"http:\/\/desaparecidos.policiacivil.ba.gov.br\/?p=2228"},"modified":"2024-08-26T12:50:54","modified_gmt":"2024-08-26T12:50:54","slug":"policia-civil-da-bahia-integra-campanha-nacional-de-identificacao-de-pessoas-desaparecidas","status":"publish","type":"post","link":"http:\/\/desaparecidos.policiacivil.ba.gov.br\/?p=2228","title":{"rendered":"Pol\u00edcia Civil da Bahia integra Campanha Nacional de Identifica\u00e7\u00e3o de Pessoas Desaparecidas"},"content":{"rendered":"\n<p>A Delegacia de Prote\u00e7\u00e3o \u00e0 Pessoa (DPP), em parceria com o Departamento de Pol\u00edcia T\u00e9cnica (DPT), vai ampliar o atendimento \u00e0 popula\u00e7\u00e3o na busca por desaparecidos<\/p>\n\n\n\n<p>A Pol\u00edcia Civil, por meio da Delegacia de Prote\u00e7\u00e3o \u00e0 Pessoa (DPP), vai participar da Campanha Nacional de Identifica\u00e7\u00e3o de Pessoas Desaparecidas. A a\u00e7\u00e3o, de iniciativa do Minist\u00e9rio da Justi\u00e7a (MJ), acontecer\u00e1 entre os dias 26 e 30 de agosto.<\/p>\n\n\n\n<p>A campanha ocorrer\u00e1 em tr\u00eas etapas e vai utilizar t\u00e9cnicas de identifica\u00e7\u00e3o gen\u00e9tica e papilosc\u00f3picas. Na primeira fase, ser\u00e3o coletadas pelo Departamento de Pol\u00edcia T\u00e9cnica (DPT) amostras de DNA de familiares de pessoas desaparecidas, ap\u00f3s o registro de ocorr\u00eancia do desaparecimento nas unidades da Pol\u00edcia Civil. \u00c9 preciso apresentar o boletim antes do cadastro no DPT.<\/p>\n\n\n\n<p>Na segunda etapa, acontecer\u00e1 o recolhimento de impress\u00f5es digitais e de material gen\u00e9tico de pessoas vivas com identidade desconhecida. Por fim, ser\u00e1 coordenada a pesquisa de digitais de corpos n\u00e3o identificados armazenadas em cada unidade federativa.<\/p>\n\n\n\n<p>Com mais de 1.200 ocorr\u00eancias de pessoas desaparecidas registradas na Bahia no primeiro semestre de 2024, a Pol\u00edcia Civil, em parceria com o DPT, vai ampliar o atendimento \u00e0 popula\u00e7\u00e3o na busca por desaparecidos. Em Salvador, as a\u00e7\u00f5es v\u00e3o acontecer em dois pontos. O atendimento ao p\u00fablico ser\u00e1 realizado no \u00f4nibus da PC que funciona como uma delegacia m\u00f3vel e na sede da DPP. Al\u00e9m de registrar ocorr\u00eancias de desaparecidos na capital, o cidad\u00e3o vai poder tirar d\u00favidas de como proceder nesses casos.<\/p>\n\n\n\n<p>O \u00f4nibus ficar\u00e1 estacionado em frente ao Pr\u00e9dio-Sede da Institui\u00e7\u00e3o, na Piedade, das 9h \u00e0s 17h, mesmo hor\u00e1rio de atendimento da DPP, localizada no pr\u00e9dio do Departamento de Homic\u00eddios e Prote\u00e7\u00e3o \u00e0 Pessoa (DHPP), em Itapu\u00e3.<\/p>\n\n\n\n<p>Delegados, investigadores e escriv\u00e3es estar\u00e3o dispon\u00edveis para atendimento ao p\u00fablico. No interior, equipes do Departamento de Pol\u00edcia do Interior (Depin) v\u00e3o auxiliar as pessoas nos casos de desaparecimentos, informando qual delegacia deve procurar para registrar um boletim de ocorr\u00eancia, al\u00e9m de prestar o apoio necess\u00e1rio aos familiares.<\/p>\n\n\n\n<p>Cadastramento<\/p>\n\n\n\n<p>Durante a a\u00e7\u00e3o, o DPT vai cadastrar fam\u00edlias de pessoas desaparecidas e, posteriormente, coletar amostras de material gen\u00e9tico para processamento e inclus\u00e3o no Banco de Perfis, no Laborat\u00f3rio Central de Pol\u00edcia T\u00e9cnica.<\/p>\n\n\n\n<p>O processo visa compatibilizar as informa\u00e7\u00f5es aos perfis antropol\u00f3gicos das ossadas que j\u00e1 deram entrada no Instituto M\u00e9dico Legal Nina Rodrigues (IMLNR). Os familiares passar\u00e3o por uma entrevista para fornecer os dados do desaparecido.<\/p>\n\n\n\n<p>As amostras gen\u00e9ticas de pessoas vivas e falecidas com identidade desconhecida s\u00e3o enviadas rotineiramente ao Banco Nacional de Perfis Gen\u00e9ticos, onde s\u00e3o feitos os cruzamentos de dados em n\u00edvel nacional com perfis coletados pelos 23 laborat\u00f3rios de gen\u00e9tica forense que comp\u00f5em a rede.<\/p>\n\n\n\n<p>\u201cAl\u00e9m da a\u00e7\u00e3o, a popula\u00e7\u00e3o pode contar tamb\u00e9m com outras ferramentas na busca pelos entes queridos, como o WhatsApp da DPP, no n\u00famero 71 99631-6538, o perfil no Instagram @desaparecidospcba, o site http:\/\/desaparecidos.policiacivil.ba.gov.br\/ e o Disque Den\u00fancia, no telefone 181\u201d, destacou a delegada Ana Cristina Carvalho, titular da DPP, refor\u00e7ando que a identifica\u00e7\u00e3o gen\u00e9tica desempenha papel crucial na Pol\u00edtica Nacional de Busca de Pessoas Desaparecidas, institu\u00edda pela Lei n\u00ba 13.812\/2019.<\/p>\n\n\n\n<p>Ascom-PC\/Priscila Carvalho<br>23.08.2024<\/p>\n","protected":false},"excerpt":{"rendered":"<p>A Delegacia de Prote\u00e7\u00e3o \u00e0 Pessoa (DPP), em parceria com o Departamento de Pol\u00edcia T\u00e9cnica (DPT), vai ampliar o atendimento \u00e0 popula\u00e7\u00e3o na busca por desaparecidos A Pol\u00edcia Civil, por meio da Delegacia de Prote\u00e7\u00e3o \u00e0 Pessoa (DPP), vai participar da Campanha Nacional de Identifica\u00e7\u00e3o de Pessoas Desaparecidas. A a\u00e7\u00e3o, de iniciativa do Minist\u00e9rio da [&hellip;]<\/p>\n","protected":false},"author":2,"featured_media":2231,"comment_status":"open","ping_status":"open","sticky":false,"template":"","format":"standard","meta":{"footnotes":""},"categories":[1],"tags":[],"class_list":["post-2228","post","type-post","status-publish","format-standard","has-post-thumbnail","hentry","category-uncategorized"],"_links":{"self":[{"href":"http:\/\/desaparecidos.policiacivil.ba.gov.br\/index.php?rest_route=\/wp\/v2\/posts\/2228","targetHints":{"allow":["GET"]}}],"collection":[{"href":"http:\/\/desaparecidos.policiacivil.ba.gov.br\/index.php?rest_route=\/wp\/v2\/posts"}],"about":[{"href":"http:\/\/desaparecidos.policiacivil.ba.gov.br\/index.php?rest_route=\/wp\/v2\/types\/post"}],"author":[{"embeddable":true,"href":"http:\/\/desaparecidos.policiacivil.ba.gov.br\/index.php?rest_route=\/wp\/v2\/users\/2"}],"replies":[{"embeddable":true,"href":"http:\/\/desaparecidos.policiacivil.ba.gov.br\/index.php?rest_route=%2Fwp%2Fv2%2Fcomments&post=2228"}],"version-history":[{"count":1,"href":"http:\/\/desaparecidos.policiacivil.ba.gov.br\/index.php?rest_route=\/wp\/v2\/posts\/2228\/revisions"}],"predecessor-version":[{"id":2230,"href":"http:\/\/desaparecidos.policiacivil.ba.gov.br\/index.php?rest_route=\/wp\/v2\/posts\/2228\/revisions\/2230"}],"wp:featuredmedia":[{"embeddable":true,"href":"http:\/\/desaparecidos.policiacivil.ba.gov.br\/index.php?rest_route=\/wp\/v2\/media\/2231"}],"wp:attachment":[{"href":"http:\/\/desaparecidos.policiacivil.ba.gov.br\/index.php?rest_route=%2Fwp%2Fv2%2Fmedia&parent=2228"}],"wp:term":[{"taxonomy":"category","embeddable":true,"href":"http:\/\/desaparecidos.policiacivil.ba.gov.br\/index.php?rest_route=%2Fwp%2Fv2%2Fcategories&post=2228"},{"taxonomy":"post_tag","embeddable":true,"href":"http:\/\/desaparecidos.policiacivil.ba.gov.br\/index.php?rest_route=%2Fwp%2Fv2%2Ftags&post=2228"}],"curies":[{"name":"wp","href":"https:\/\/api.w.org\/{rel}","templated":true}]}}