{"id":319,"date":"2023-02-15T12:55:54","date_gmt":"2023-02-15T12:55:54","guid":{"rendered":"http:\/\/desaparecidos.policiacivil.ba.gov.br\/?p=319"},"modified":"2023-02-15T12:55:54","modified_gmt":"2023-02-15T12:55:54","slug":"paineis-exibirao-pessoas-desaparecidas-nas-estacoes-de-metro-em-salvador","status":"publish","type":"post","link":"http:\/\/desaparecidos.policiacivil.ba.gov.br\/?p=319","title":{"rendered":"Pain\u00e9is exibir\u00e3o pessoas desaparecidas nas esta\u00e7\u00f5es de metr\u00f4 em Salvador"},"content":{"rendered":"\n<p>A partir da pr\u00f3xima segunda-feira (10) fotos e informa\u00e7\u00f5es de pessoas desaparecidas ser\u00e3o exibidas nos pain\u00e9is eletr\u00f4nicos das esta\u00e7\u00f5es e dos metr\u00f4s em Salvador. A&nbsp;campanha de divulga\u00e7\u00e3o de imagens e v\u00eddeos \u00e9 uma parceria entre a Pol\u00edcia Civil, por meio da Delegacia de Prote\u00e7\u00e3o \u00e0 Pessoa (DPP), e a CCR Metr\u00f4 Bahia para auxiliar na localiza\u00e7\u00e3o de pessoas que desapareceram.&nbsp;<\/p>\n\n\n\n<p>As imagens ser\u00e3o divulgadas a partir do registro do desaparecimento na DPP, que pode ser feito na unidade especializada, localizada na sede do Departamento de Homic\u00eddios e Prote\u00e7\u00e3o \u00e0 Pessoa (DHPP), na Pituba.<\/p>\n\n\n\n<p>O Sistema Metrovi\u00e1rio de Salvador e Lauro de Freitas tem um grande fluxo de passageiros, transportando cerca de 340 mil pessoas por dia. \u201cEssa intensa movimenta\u00e7\u00e3o nas esta\u00e7\u00f5es e trens pode ser fundamental para ajudar na localiza\u00e7\u00e3o de pessoas desaparecidas. Estamos \u00e0 disposi\u00e7\u00e3o da sociedade e parceiros para colaborar com o que for poss\u00edvel no apoio e visibilidade a esse trabalho t\u00e3o importante\u201d, completa o gerente de Atendimento da CCR Metr\u00f4 Bahia, Leonardo Balbino.<\/p>\n","protected":false},"excerpt":{"rendered":"<p>A partir da pr\u00f3xima segunda-feira (10) fotos e informa\u00e7\u00f5es de pessoas desaparecidas ser\u00e3o exibidas nos pain\u00e9is eletr\u00f4nicos das esta\u00e7\u00f5es e dos metr\u00f4s em Salvador. A&nbsp;campanha de divulga\u00e7\u00e3o de imagens e v\u00eddeos \u00e9 uma parceria entre a Pol\u00edcia Civil, por meio da Delegacia de Prote\u00e7\u00e3o \u00e0 Pessoa (DPP), e a CCR Metr\u00f4 Bahia para auxiliar na [&hellip;]<\/p>\n","protected":false},"author":2,"featured_media":321,"comment_status":"open","ping_status":"open","sticky":false,"template":"","format":"standard","meta":{"footnotes":""},"categories":[1],"tags":[],"class_list":["post-319","post","type-post","status-publish","format-standard","has-post-thumbnail","hentry","category-uncategorized"],"_links":{"self":[{"href":"http:\/\/desaparecidos.policiacivil.ba.gov.br\/index.php?rest_route=\/wp\/v2\/posts\/319","targetHints":{"allow":["GET"]}}],"collection":[{"href":"http:\/\/desaparecidos.policiacivil.ba.gov.br\/index.php?rest_route=\/wp\/v2\/posts"}],"about":[{"href":"http:\/\/desaparecidos.policiacivil.ba.gov.br\/index.php?rest_route=\/wp\/v2\/types\/post"}],"author":[{"embeddable":true,"href":"http:\/\/desaparecidos.policiacivil.ba.gov.br\/index.php?rest_route=\/wp\/v2\/users\/2"}],"replies":[{"embeddable":true,"href":"http:\/\/desaparecidos.policiacivil.ba.gov.br\/index.php?rest_route=%2Fwp%2Fv2%2Fcomments&post=319"}],"version-history":[{"count":1,"href":"http:\/\/desaparecidos.policiacivil.ba.gov.br\/index.php?rest_route=\/wp\/v2\/posts\/319\/revisions"}],"predecessor-version":[{"id":322,"href":"http:\/\/desaparecidos.policiacivil.ba.gov.br\/index.php?rest_route=\/wp\/v2\/posts\/319\/revisions\/322"}],"wp:featuredmedia":[{"embeddable":true,"href":"http:\/\/desaparecidos.policiacivil.ba.gov.br\/index.php?rest_route=\/wp\/v2\/media\/321"}],"wp:attachment":[{"href":"http:\/\/desaparecidos.policiacivil.ba.gov.br\/index.php?rest_route=%2Fwp%2Fv2%2Fmedia&parent=319"}],"wp:term":[{"taxonomy":"category","embeddable":true,"href":"http:\/\/desaparecidos.policiacivil.ba.gov.br\/index.php?rest_route=%2Fwp%2Fv2%2Fcategories&post=319"},{"taxonomy":"post_tag","embeddable":true,"href":"http:\/\/desaparecidos.policiacivil.ba.gov.br\/index.php?rest_route=%2Fwp%2Fv2%2Ftags&post=319"}],"curies":[{"name":"wp","href":"https:\/\/api.w.org\/{rel}","templated":true}]}}